{"id":998,"date":"2019-07-02T07:43:11","date_gmt":"2019-07-02T06:43:11","guid":{"rendered":"http:\/\/dorfgemeinschaft-dachtmissen.de\/?p=998"},"modified":"2019-07-02T07:47:08","modified_gmt":"2019-07-02T06:47:08","slug":"sommerfest-auf-dem-dorfplatz-am-6-7","status":"publish","type":"post","link":"https:\/\/dorfgemeinschaft-dachtmissen.de\/?p=998","title":{"rendered":"Sommerfest auf dem Dorfplatz am 6.7."},"content":{"rendered":"\n<p><\/p>\n\n\n\n<p><\/p>\n\n\n\n<p>Am 06.07.2019 findet unser Sommerfest auf dem Dorfplatz statt. Es soll ein nettes Zusammenkommen f\u00fcr Jedermann werden.&nbsp;<\/p>\n\n\n\n<ul class=\"wp-block-gallery columns-0 is-cropped wp-block-gallery-1 is-layout-flex wp-block-gallery-is-layout-flex\"><\/ul>\n\n\n\n<p>Beginn um 15 Uhr.<\/p>\n\n\n\n<p>Aufbau ab 13.30 Uhr<\/p>\n\n\n\n<p>Kaffee, Wurst und Getr\u00e4nke werden vom Verein gesponsert.<\/p>\n\n\n\n<p>Kuchen, Salate und div. Spiele (Leiterspiel, Bogen-schie\u00dfen, hei\u00dfer Draht u. a.),&nbsp;jeder bringt etwas mit.<\/p>\n\n\n\n<p><\/p>\n","protected":false},"excerpt":{"rendered":"<p>Am 06.07.2019 findet unser Sommerfest auf dem Dorfplatz statt. Es soll ein nettes Zusammenkommen f\u00fcr Jedermann werden.&nbsp; Beginn um 15 Uhr. Aufbau ab 13.30 Uhr Kaffee, Wurst und Getr\u00e4nke werden vom Verein gesponsert. Kuchen, Salate und div. Spiele (Leiterspiel, Bogen-schie\u00dfen, &hellip; <a href=\"https:\/\/dorfgemeinschaft-dachtmissen.de\/?p=998\">Weiterlesen <span class=\"meta-nav\">&rarr;<\/span><\/a><\/p>\n","protected":false},"author":5,"featured_media":0,"comment_status":"closed","ping_status":"closed","sticky":false,"template":"","format":"standard","meta":{"footnotes":""},"categories":[1],"tags":[],"class_list":["post-998","post","type-post","status-publish","format-standard","hentry","category-veranstaltungen"],"_links":{"self":[{"href":"https:\/\/dorfgemeinschaft-dachtmissen.de\/index.php?rest_route=\/wp\/v2\/posts\/998","targetHints":{"allow":["GET"]}}],"collection":[{"href":"https:\/\/dorfgemeinschaft-dachtmissen.de\/index.php?rest_route=\/wp\/v2\/posts"}],"about":[{"href":"https:\/\/dorfgemeinschaft-dachtmissen.de\/index.php?rest_route=\/wp\/v2\/types\/post"}],"author":[{"embeddable":true,"href":"https:\/\/dorfgemeinschaft-dachtmissen.de\/index.php?rest_route=\/wp\/v2\/users\/5"}],"replies":[{"embeddable":true,"href":"https:\/\/dorfgemeinschaft-dachtmissen.de\/index.php?rest_route=%2Fwp%2Fv2%2Fcomments&post=998"}],"version-history":[{"count":2,"href":"https:\/\/dorfgemeinschaft-dachtmissen.de\/index.php?rest_route=\/wp\/v2\/posts\/998\/revisions"}],"predecessor-version":[{"id":1000,"href":"https:\/\/dorfgemeinschaft-dachtmissen.de\/index.php?rest_route=\/wp\/v2\/posts\/998\/revisions\/1000"}],"wp:attachment":[{"href":"https:\/\/dorfgemeinschaft-dachtmissen.de\/index.php?rest_route=%2Fwp%2Fv2%2Fmedia&parent=998"}],"wp:term":[{"taxonomy":"category","embeddable":true,"href":"https:\/\/dorfgemeinschaft-dachtmissen.de\/index.php?rest_route=%2Fwp%2Fv2%2Fcategories&post=998"},{"taxonomy":"post_tag","embeddable":true,"href":"https:\/\/dorfgemeinschaft-dachtmissen.de\/index.php?rest_route=%2Fwp%2Fv2%2Ftags&post=998"}],"curies":[{"name":"wp","href":"https:\/\/api.w.org\/{rel}","templated":true}]}}